{
    "title": "Une premi\u00e8re ann\u00e9e de mise en service r\u00e9ussie pour le tram de Li\u00e8ge",
    "modified_at": "2026-04-27 09:33:26",
    "published_at": "2026-04-24 16:42:00",
    "url": "https://presse.groupe.letec.be/une-premiere-annee-de-mise-en-service-reussie-pour-le-tram-de-liege",
    "short_url": "http://prez.ly/jFDd",
    "culture": "fr",
    "language": "FR",
    "subtitle": "Le 28 avril, le tram de Li\u00e8ge souffle sa premi\u00e8re bougie. Ce nouveau mode de transport s\u2019est rapidement install\u00e9 dans le paysage urbain et dans le quotidien des Li\u00e9geois. Un an apr\u00e8s son lancement, le tram est une r\u00e9ussite de fr\u00e9quentation, d\u2019attractivit\u00e9 et de transformation de la ville.",
    "slug": "une-premiere-annee-de-mise-en-service-reussie-pour-le-tram-de-liege",
    "body": "<h4 id=\"des-voyageurs-au-rendez-vous\" >Des voyageurs au rendez-vous</h4><p>&Agrave; l&rsquo;aube de son premier anniversaire, le tram a enregistr&eacute; pr&egrave;s de <strong>12 millions de voyages</strong>, soit environ 1 million de validations par mois, et a atteint un taux de satisfaction de 77 % &agrave; l&rsquo;automne 2025. Une fr&eacute;quentation qui t&eacute;moigne de l&rsquo;appropriation rapide du tram par les voyageurs, qu&rsquo;ils soient habitants ou visiteurs. </p><p>Le tram est per&ccedil;u comme attractif et rapide sur l&rsquo;axe structurant. Les stations les plus fr&eacute;quent&eacute;es sont Saint-Lambert, Guillemins, Avroy, Leman, Standard et Op&eacute;ra, avec des pics allant jusqu&rsquo;&agrave; 5 000 voyageurs par heure aux heures de pointe.</p><p>Au quotidien, ce sont &eacute;galement plus de 85 conductrices et conducteurs qui assurent le fonctionnement du tram.<strong> </strong></p><h4 id=\"un-levier-de-transformation-urbaine\" >Un levier de transformation urbaine</h4><p>Chaque jour, plus de 300 voyages sont assur&eacute;s par le tram, pour un total de <strong>pr&egrave;s d&rsquo;1 million de kilom&egrave;tres parcourus</strong> sur l&rsquo;ann&eacute;e. Ce sont autant de kilom&egrave;tres d&eacute;carbon&eacute;s, permettant d&rsquo;am&eacute;liorer la qualit&eacute; de l&rsquo;air et de r&eacute;duire la pression automobile en centre-ville.</p><p>L&rsquo;arriv&eacute;e du tram s&rsquo;est inscrite dans une transformation plus large de Li&egrave;ge, marqu&eacute;e par une meilleure place accord&eacute;e aux modes actifs, la requalification de l&rsquo;espace public et un apaisement de la mobilit&eacute; dans certains quartiers.</p><h4 id=\"une-exploitation-en-phase-de-stabilisation\" >Une exploitation en phase de stabilisation</h4><p>Comme tout projet d&rsquo;envergure, la premi&egrave;re ann&eacute;e d&rsquo;exploitation a n&eacute;cessit&eacute; des ajustements. Le tram a connu, principalement au d&eacute;marrage, certaines difficult&eacute;s techniques et op&eacute;rationnelles, li&eacute;es &agrave; des syst&egrave;mes encore en phase de maturation. Les &eacute;quipes de LETEC ont &eacute;galement appris progressivement &agrave; r&eacute;agir plus rapidement face aux incidents et &agrave; am&eacute;liorer le d&eacute;ploiement de solutions de remplacement le cas &eacute;ch&eacute;ant.</p><h4 id=\"un-reseau-de-bus-en-cours-dadaptation\" >Un r&eacute;seau de bus en cours d&rsquo;adaptation</h4><p>L&rsquo;arriv&eacute;e du tram s&rsquo;est accompagn&eacute;e d&rsquo;une r&eacute;organisation du r&eacute;seau de bus urbains, qui a permis d&rsquo;offrir 11 % de places suppl&eacute;mentaires par kilom&egrave;tre, afin de renforcer la compl&eacute;mentarit&eacute; entre les modes de transport. L&#039;ampleur des changements a demand&eacute; une appropriation importante de la part des voyageurs.</p><p>Apr&egrave;s plusieurs mois de mise en service, 39 des 80 lignes modifi&eacute;es au lancement du tram ont fait l&rsquo;objet d&rsquo;une premi&egrave;re adaptation. Les retours des voyageurs sont continuellement pris en compte afin de monitorer le nouveau r&eacute;seau et de l&rsquo;adapter aux besoins.</p><h4 id=\"une-ambition-a-long-terme\" >Une ambition &agrave; long terme </h4><p>D&egrave;s sa mise en circulation, le tram a suscit&eacute; un fort engouement. Le 28 avril 2025, de nombreux Li&eacute;geois attendaient sur les quais pour vivre le premier voyage du tram &agrave; 4h20 du matin. </p><blockquote>&laquo; <em>Depuis le premier jour, le tram a &eacute;t&eacute; pens&eacute; comme la v&eacute;ritable colonne vert&eacute;brale du r&eacute;seau de transport li&eacute;geois. Avec le d&eacute;veloppement progressif du r&eacute;seau BUSWAY autour du tram, nous souhaitons construire une offre de mobilit&eacute; plus structur&eacute;e et lisible sur le long terme, capable de concurrencer la voiture pour les d&eacute;placements urbains et d&rsquo;agglom&eacute;ration</em>. &raquo;, conclut Jean-Michel Soors, Administrateur g&eacute;n&eacute;ral de LETEC.</blockquote><h4 id=\"un-anniversaire-sous-le-signe-du-partage\" >Un anniversaire sous le signe du partage</h4><p>Pour f&ecirc;ter ce premier anniversaire, LETEC organise une distribution de gaufres &agrave; bord des rames le 28 avril. Une mani&egrave;re symbolique de remercier les Li&eacute;geoises et Li&eacute;geois pour leur appropriation du tram et de c&eacute;l&eacute;brer ce nouveau mode de transport d&eacute;sormais ancr&eacute; dans la ville.</p><hr /><div class=\"release-content-contact\" id=\"contact-749f45a8-90cd-48bf-b124-197b975e9b37\">\n    \n    <div class=\"release-content-contact__details\">\n        <strong class=\"release-content-contact__name\">St&eacute;phane Thiery</strong>\n        <em class=\"release-content-contact__description\">Directeur du Marketing - Porte-parole, LETEC</em>\n        <ul class=\"release-content-contact__details-list\"><li class=\"release-content-contact__details-list-item\"><a href=\"mailto:stephane.thiery@letec.be\"  class=\"release-content-contact__details-list-item-link\" title=\"stephane.thiery@letec.be\"><svg class=\"icon icon-paper-plane release-content-contact__details-list-item-icon\">\n                <use xlink:href=\"#icon-paper-plane\"></use>\n            </svg>stephane.thiery@letec.be</a></li>\n<li class=\"release-content-contact__details-list-item\"><a href=\"tel:081/32.27.11 (r&eacute;serv&eacute; &agrave; la presse. Ne pas diffuser)\"  class=\"release-content-contact__details-list-item-link\" title=\"081/32.27.11 (r&eacute;serv&eacute; &agrave; la presse. Ne pas diffuser)\"><svg class=\"icon icon-phone release-content-contact__details-list-item-icon\">\n                <use xlink:href=\"#icon-phone\"></use>\n            </svg>081/32.27.11 (r&eacute;serv&eacute; &agrave; la presse. Ne pas diffuser)</a></li>\n<li class=\"release-content-contact__details-list-item\"><a href=\"tel:0495/50.28.57 (r&eacute;serv&eacute; &agrave; la presse. Ne pas diffuser)\"  class=\"release-content-contact__details-list-item-link\" title=\"0495/50.28.57 (r&eacute;serv&eacute; &agrave; la presse. Ne pas diffuser)\"><svg class=\"icon icon-mobile release-content-contact__details-list-item-icon\">\n                <use xlink:href=\"#icon-mobile\"></use>\n            </svg>0495/50.28.57 (r&eacute;serv&eacute; &agrave; la presse. Ne pas diffuser)</a></li></ul>\n    </div>\n</div><div class=\"release-content-contact\" id=\"contact-39fc7a70-2f42-4e67-9251-7e494395d9de\">\n    \n    <div class=\"release-content-contact__details\">\n        <strong class=\"release-content-contact__name\">Isabelle Tasset</strong>\n        <em class=\"release-content-contact__description\">Responsable communication &amp; Porte-parole, LETEC | Li&egrave;ge-Verviers</em>\n        <ul class=\"release-content-contact__details-list\"><li class=\"release-content-contact__details-list-item\"><a href=\"tel:POUR LES JOURNALISTES UNIQUEMENT\"  class=\"release-content-contact__details-list-item-link\" title=\"POUR LES JOURNALISTES UNIQUEMENT\"><svg class=\"icon icon-phone release-content-contact__details-list-item-icon\">\n                <use xlink:href=\"#icon-phone\"></use>\n            </svg>POUR LES JOURNALISTES UNIQUEMENT</a></li>\n<li class=\"release-content-contact__details-list-item\"><a href=\"tel:+32 479 88 44 12\"  class=\"release-content-contact__details-list-item-link\" title=\"+32 479 88 44 12\"><svg class=\"icon icon-mobile release-content-contact__details-list-item-icon\">\n                <use xlink:href=\"#icon-mobile\"></use>\n            </svg>+32 479 88 44 12</a></li>\n<li class=\"release-content-contact__details-list-item\"><a href=\"https://www.facebook.com/@letecofficiel\" target=\"_blank\" rel=\"noopener noreferrer\" class=\"release-content-contact__details-list-item-link\" title=\"@letecofficiel\"><svg class=\"icon icon-facebook release-content-contact__details-list-item-icon\">\n                <use xlink:href=\"#icon-facebook\"></use>\n            </svg>@letecofficiel</a></li>\n<li class=\"release-content-contact__details-list-item\"><a href=\"https://letec.be\" target=\"_blank\" rel=\"noopener noreferrer\" class=\"release-content-contact__details-list-item-link\" title=\"letec.be\"><svg class=\"icon icon-browser release-content-contact__details-list-item-icon\">\n                <use xlink:href=\"#icon-browser\"></use>\n            </svg>letec.be</a></li></ul>\n    </div>\n</div>",
    "header": {
        "large": "https://cdn.uc.assets.prezly.com/1b1c01e1-2910-40fe-897a-fc2be7aa1ab0/-/preview/1200x1200/-/format/auto/",
        "release": "https://cdn.uc.assets.prezly.com/1b1c01e1-2910-40fe-897a-fc2be7aa1ab0/-/preview/1200x1200/-/format/auto/"
    },
    "contacts": [
        {
            "name": "St\u00e9phane Thiery",
            "company": "LETEC",
            "description": "Directeur du Marketing - Porte-parole",
            "email": "stephane.thiery@letec.be",
            "website": null,
            "address": null,
            "telephone": "081/32.27.11 (r\u00e9serv\u00e9 \u00e0 la presse. Ne pas diffuser)",
            "mobile": "0495/50.28.57 (r\u00e9serv\u00e9 \u00e0 la presse. Ne pas diffuser)",
            "twitter": null,
            "facebook": null
        },
        {
            "name": "Isabelle Tasset",
            "company": "LETEC | Li\u00e8ge-Verviers",
            "description": "Responsable communication & Porte-parole",
            "email": null,
            "website": "https://letec.be",
            "address": null,
            "telephone": "POUR LES JOURNALISTES UNIQUEMENT",
            "mobile": "+32 479 88 44 12",
            "twitter": null,
            "facebook": "@letecofficiel"
        }
    ],
    "author": {
        "first_name": "Alize",
        "last_name": "Bona"
    },
    "format_version": 5
}